{"id":1910,"date":"2023-01-31T21:22:37","date_gmt":"2023-01-31T20:22:37","guid":{"rendered":"https:\/\/ubikare.top\/?post_type=post_type_servicios&#038;p=1910"},"modified":"2023-02-09T21:02:12","modified_gmt":"2023-02-09T20:02:12","slug":"enfermera-familia-personal","status":"publish","type":"post_type_servicios","link":"https:\/\/ubikare.top\/en\/servicios\/enfermera-familia-personal\/","title":{"rendered":"Enfermera de familia personal"},"content":{"rendered":"<div class=\"gb-container gb-container-5548fb0d\"><div class=\"gb-inside-container\">\n<div class=\"gb-grid-wrapper gb-grid-wrapper-8dd52d30\">\n<div class=\"gb-grid-column gb-grid-column-51361c10\"><div class=\"gb-container gb-container-51361c10\"><div class=\"gb-inside-container\">\n<div class=\"gb-button-wrapper gb-button-wrapper-defb038c\">\n\n<a class=\"gb-button gb-button-ca3b35ea gb-button-text\" href=\"#\">ubikare b\u00e1sico<\/a>\n\n<\/div>\n\n\n<h3 class=\"gb-headline gb-headline-1b7eec37 gb-headline-text\">Enfermera de familia personal encargada de la gesti\u00f3n integral<\/h3>\n\n\n\n<p class=\"gb-headline gb-headline-deea3621 gb-headline-text\">En ubikare dispones de tu <strong>enfermera personal<\/strong> para que te ayude en casa el tiempo que necesites. Ella se encarga de <strong>solucionar complicaciones en dolencias<\/strong>, <strong>problemas de nutrici\u00f3n<\/strong> o <strong>una enfermedad cr\u00f3nica<\/strong>, por ejemplo. Todo con un <strong>seguimiento continuo personalizado<\/strong> en casa.<\/p>\n\n\n\n<p class=\"gb-headline gb-headline-10ff5b9d gb-headline-text\">Los cuidados de las personas requieren la integraci\u00f3n de un equipo multidisciplinar de profesionales para cada intervenci\u00f3n del Plan de Cuidados. Por eso, la enfermera de familia personal es quien se encarga de <strong>gestionar a todo el equipo<\/strong>, poniendo siempre a <strong>la persona mayor en el centro<\/strong>.<\/p>\n\n\n\n<p class=\"gb-headline gb-headline-929ad3f7 gb-headline-text\">Patrocinado por:<\/p>\n\n\n<div class=\"gb-grid-wrapper gb-grid-wrapper-e0e5e59b\">\n<div class=\"gb-grid-column gb-grid-column-18bb8d55\"><div class=\"gb-container gb-container-18bb8d55\"><div class=\"gb-inside-container\">\n\n<figure class=\"gb-block-image gb-block-image-05523c1c\"><img loading=\"lazy\" decoding=\"async\" width=\"79\" height=\"61\" class=\"gb-image gb-image-05523c1c\" src=\"https:\/\/ubikare.top\/wp-content\/uploads\/image-7b.png\" alt=\"\" title=\"image 7b\"\/><\/figure>\n\n<\/div><\/div><\/div>\n\n<div class=\"gb-grid-column gb-grid-column-1e59d8ea\"><div class=\"gb-container gb-container-1e59d8ea\"><div class=\"gb-inside-container\">\n\n<figure class=\"gb-block-image gb-block-image-9187696a\"><img loading=\"lazy\" decoding=\"async\" width=\"104\" height=\"59\" class=\"gb-image gb-image-9187696a\" src=\"https:\/\/ubikare.top\/wp-content\/uploads\/image-8.png\" alt=\"\" title=\"image 8\"\/><\/figure>\n\n<\/div><\/div><\/div>\n<\/div>\n<\/div><\/div><\/div>\n\n<div class=\"gb-grid-column gb-grid-column-314fd8e2\"><div class=\"gb-container gb-container-314fd8e2\"><div class=\"gb-inside-container\">\n\n<figure class=\"gb-block-image gb-block-image-00a04a1b\"><img loading=\"lazy\" decoding=\"async\" width=\"1000\" height=\"833\" class=\"gb-image gb-image-00a04a1b\" src=\"https:\/\/ubikare.top\/wp-content\/uploads\/enfermera-familia-personal-encargada-gestion-integral.webp\" alt=\"\" title=\"enfermera-familia-personal-encargada-gestion-integral\" srcset=\"https:\/\/ubikare.top\/wp-content\/uploads\/enfermera-familia-personal-encargada-gestion-integral.webp 1000w, https:\/\/ubikare.top\/wp-content\/uploads\/enfermera-familia-personal-encargada-gestion-integral-300x250.webp 300w, https:\/\/ubikare.top\/wp-content\/uploads\/enfermera-familia-personal-encargada-gestion-integral-768x640.webp 768w\" sizes=\"auto, (max-width: 1000px) 100vw, 1000px\" \/><\/figure>\n\n<\/div><\/div><\/div>\n<\/div>\n<\/div><\/div>\n\n<div class=\"gb-container gb-container-90a74e89\"><div class=\"gb-inside-container\">\n\n<h3 class=\"gb-headline gb-headline-fe26d75f gb-headline-text\">Profesional a medida y<br>Conexi\u00f3n Directa<\/h3>\n\n\n\n<p class=\"gb-headline gb-headline-0f091aab gb-headline-text\">La enfermera de familia personal se asigna despu\u00e9s de realizar el Diagn\u00f3stico M\u00e9dico, teniendo en cuenta el <a href=\"https:\/\/ubikare.top\/en\/servicios\/diagnostico-medico-integral-plan-cuidados\/\"><strong>Plan de Cuidados<\/strong><\/a> definido y los gustos\/preferencias de la persona.<\/p>\n\n\n\n<p class=\"gb-headline gb-headline-5d2f1468 gb-headline-text\">A trav\u00e9s del m\u00f3vil, o del dispositivo de ubikare que se facilita, tanto la persona mayor como el familiar se podr\u00e1n poner en <strong>contacto directo con la enfermera de familia<\/strong>. De esta forma, ante cualquier duda o preocupaci\u00f3n que te inquiete, podr\u00e1s tener una respuesta o soluci\u00f3n sin esperas.<\/p>\n\n\n\n<p class=\"gb-headline gb-headline-5c9be29c gb-headline-text\">Adem\u00e1s, tambi\u00e9n se encargar\u00e1 de la <strong>gesti\u00f3n, intervenci\u00f3n, educaci\u00f3n para la salud y seguimiento presencial<\/strong> de las necesidades sanitarias detectadas en la persona.<\/p>\n\n\n\n<p class=\"gb-headline gb-headline-e86f6e79 gb-headline-text\">Por eso, en todas las intervenciones siempre se pone el foco en la causa. Es decir, se entiende\/educa junto a la persona qu\u00e9 causas han llevado a necesitar esos cuidados de enfermer\u00eda, para que despu\u00e9s tenga lugar un <strong>aprendizaje<\/strong> por parte de la persona\/familiares, y as\u00ed prevenir su aparici\u00f3n.<\/p>\n\n\n<div class=\"gb-button-wrapper gb-button-wrapper-d20a948b\">\n\n<a class=\"gb-button gb-button-b3e6ee0b gb-button-text\" href=\"#contacto\">Quiero m\u00e1s informaci\u00f3n<\/a>\n\n<\/div>\n<\/div><\/div>\n\n<div class=\"gb-container gb-container-677d8e26\"><div class=\"gb-inside-container\">\n\n<figure class=\"gb-block-image gb-block-image-db364131\"><img decoding=\"async\" class=\"gb-image gb-image-db364131 alignwide\" src=\"https:\/\/ubikare.top\/wp-content\/uploads\/enfermera-familia-personal-encargada-gestion-integral.svg\" alt=\"\" title=\"enfermera-familia personal-encargada-gestion-integral\"\/><\/figure>\n\n<\/div><\/div>\n\n<div class=\"gb-container gb-container-5954c32e\"><div class=\"gb-inside-container\">\n\n<h3 class=\"gb-headline gb-headline-03e8626c gb-headline-text\">Condici\u00f3n f\u00edsica funcional<\/h3>\n\n\n\n<p class=\"gb-headline gb-headline-7b50e914 gb-headline-text\">Es fundamental ofrecer una atenci\u00f3n espec\u00edfica en condiciones de limitaci\u00f3n severa de la movilidad, para lo que realizamos un plan espec\u00edfico de intervenci\u00f3n y educaci\u00f3n. Por ejemplo, \u00falceras por presi\u00f3n o heridas, intervenci\u00f3n (curas) de lesiones en la piel o prevenci\u00f3n de las mismas\u2026<\/p>\n\n\n\n<p class=\"gb-headline gb-headline-ce7a4aa7 gb-headline-text\">As\u00ed, se individualizan las intervenciones, teniendo en cuenta las caracter\u00edsticas de la lesi\u00f3n\/riesgos.<\/p>\n\n<\/div><\/div>\n\n<div class=\"gb-container gb-container-e989c860\"><div class=\"gb-inside-container\">\n<figure class=\"gb-block-image gb-block-image-ded643ee\"><img loading=\"lazy\" decoding=\"async\" width=\"254\" height=\"133\" src=\"https:\/\/ubikare.top\/wp-content\/uploads\/Path-16.svg\" class=\"gb-image-ded643ee\" alt=\"\" \/><\/figure>\n\n\n<h3 class=\"gb-headline gb-headline-700c113d gb-headline-text\">Todos los servicios sin moverte de casa<\/h3>\n\n\n\n<p class=\"gb-headline gb-headline-f4e68b09 gb-headline-text\">Tu eliges la combinaci\u00f3n de servicios que mejor se ajusta a tus recursos. Lo mejor de todo es que con ubikare no tienes que moverte de casa, nosotros te proporcionamos todos los servicios personalizados con los mejores profesionales en la tranquilidad de tu hogar.<\/p>\n\n\n\n<div style=\"height:1px\" aria-hidden=\"true\" id=\"contacto\" class=\"wp-block-spacer\"><\/div>\n\n<\/div><\/div>\n\n<div class=\"gb-container gb-container-76b5eed1\"><div class=\"gb-inside-container\">\n\n<h3 class=\"gb-headline gb-headline-fc2b27e0 gb-headline-text\">Estamos encantados de ayudarte<\/h3>\n\n\n<div class=\"gb-grid-wrapper gb-grid-wrapper-a7d532d9\">\n<div class=\"gb-grid-column gb-grid-column-868cf30e\"><div class=\"gb-container gb-container-868cf30e\"><div class=\"gb-inside-container\">\n\n<p class=\"gb-headline gb-headline-e71752e4 gb-headline-text\">Ofrecemos una <strong>soluci\u00f3n completa a tus necesidades<\/strong>, con <strong>un equipo altamente cercano<\/strong> y cualificado.<\/p>\n\n\n<div class=\"wpforms-container wpforms-container-full wpforms-block\" id=\"wpforms-2450\"><form id=\"wpforms-form-2450\" class=\"wpforms-validate wpforms-form\" data-formid=\"2450\" method=\"post\" enctype=\"multipart\/form-data\" action=\"\/en\/wp-json\/wp\/v2\/post_type_servicios\/1910\" data-token=\"bad977bbadbe79547b093325dd1ee6d0\" data-token-time=\"1777505366\" data-trp-original-action=\"\/en\/wp-json\/wp\/v2\/post_type_servicios\/1910\"><noscript class=\"wpforms-error-noscript\">Please enable JavaScript in your browser to complete this form.<\/noscript><div class=\"wpforms-field-container\"><div id=\"wpforms-2450-field_1-container\" class=\"wpforms-field wpforms-field-name\" data-field-id=\"1\"><label class=\"wpforms-field-label wpforms-label-hide\" for=\"wpforms-2450-field_1\">Nombre <span class=\"wpforms-required-label\">*<\/span><\/label><input type=\"text\" id=\"wpforms-2450-field_1\" class=\"wpforms-field-large wpforms-field-required\" name=\"wpforms[fields][1]\" placeholder=\"Nombre*\" required><\/div><div id=\"wpforms-2450-field_3-container\" class=\"wpforms-field wpforms-field-text\" data-field-id=\"3\"><label class=\"wpforms-field-label wpforms-label-hide\" for=\"wpforms-2450-field_3\">Apellidos <span class=\"wpforms-required-label\">*<\/span><\/label><input type=\"text\" id=\"wpforms-2450-field_3\" class=\"wpforms-field-large wpforms-field-required\" name=\"wpforms[fields][3]\" placeholder=\"Apellidos\" required><\/div>\t\t<div id=\"wpforms-2450-field_2-container\"\n\t\t\tclass=\"wpforms-field wpforms-field-text\"\n\t\t\tdata-field-type=\"text\"\n\t\t\tdata-field-id=\"2\"\n\t\t\t>\n\t\t\t<label class=\"wpforms-field-label\" for=\"wpforms-2450-field_2\" >Tel\u00e9fono Email legal<\/label>\n\t\t\t<input type=\"text\" id=\"wpforms-2450-field_2\" class=\"wpforms-field-medium\" name=\"wpforms[fields][2]\" >\n\t\t<\/div>\n\t\t<div id=\"wpforms-2450-field_4-container\" class=\"wpforms-field wpforms-field-email\" data-field-id=\"4\"><label class=\"wpforms-field-label wpforms-label-hide\" for=\"wpforms-2450-field_4\">Email <span class=\"wpforms-required-label\">*<\/span><\/label><input type=\"email\" id=\"wpforms-2450-field_4\" class=\"wpforms-field-large wpforms-field-required\" name=\"wpforms[fields][4]\" placeholder=\"Email*\" spellcheck=\"false\" required><\/div><div id=\"wpforms-2450-field_8-container\" class=\"wpforms-field wpforms-field-text\" data-field-id=\"8\"><label class=\"wpforms-field-label wpforms-label-hide\" for=\"wpforms-2450-field_8\">Tel\u00e9fono<\/label><input type=\"text\" id=\"wpforms-2450-field_8\" class=\"wpforms-field-large\" name=\"wpforms[fields][8]\" placeholder=\"Tel\u00e9fono\" ><\/div><div id=\"wpforms-2450-field_6-container\" class=\"wpforms-field wpforms-field-textarea\" data-field-id=\"6\"><label class=\"wpforms-field-label wpforms-label-hide\" for=\"wpforms-2450-field_6\">Comentarios<\/label><textarea id=\"wpforms-2450-field_6\" class=\"wpforms-field-medium\" name=\"wpforms[fields][6]\" placeholder=\"Cu\u00e9ntanos en qu\u00e9 podemos ayudarte\" ><\/textarea><\/div><div id=\"wpforms-2450-field_7-container\" class=\"wpforms-field wpforms-field-checkbox\" data-field-id=\"7\"><label class=\"wpforms-field-label wpforms-label-hide\">Legal Notice <span class=\"wpforms-required-label\">*<\/span><\/label><ul id=\"wpforms-2450-field_7\" class=\"wpforms-field-required\"><li class=\"choice-1 depth-1\"><input type=\"checkbox\" id=\"wpforms-2450-field_7_1\" name=\"wpforms[fields][7][]\" value=\"He le\u00eddo y acepto el &lt;a href=&quot;\/aviso-legal\/&quot; target=&quot;_blank&quot; rel=&quot;nofollow&quot;&gt;aviso legal&lt;\/a&gt;.\" required><label class=\"wpforms-field-label-inline\" for=\"wpforms-2450-field_7_1\">He le\u00eddo y acepto el <a href=\"\/en\/aviso-legal\/\" target=\"_blank\" rel=\"nofollow\">aviso legal<\/a>.<\/label><\/li><\/ul><\/div><script>\n\t\t\t\t( function() {\n\t\t\t\t\tconst style = document.createElement( 'style' );\n\t\t\t\t\tstyle.appendChild( document.createTextNode( '#wpforms-2450-field_2-container { position: absolute !important; overflow: hidden !important; display: inline !important; height: 1px !important; width: 1px !important; z-index: -1000 !important; padding: 0 !important; } #wpforms-2450-field_2-container input { visibility: hidden; } #wpforms-conversational-form-page #wpforms-2450-field_2-container label { counter-increment: none; }' ) );\n\t\t\t\t\tdocument.head.appendChild( style );\n\t\t\t\t\tdocument.currentScript?.remove();\n\t\t\t\t} )();\n\t\t\t<\/script><\/div><!-- .wpforms-field-container --><div class=\"wpforms-field wpforms-field-hp\"><label for=\"wpforms-2450-field-hp\" class=\"wpforms-field-label\">Phone<\/label><input type=\"text\" name=\"wpforms[hp]\" id=\"wpforms-2450-field-hp\" class=\"wpforms-field-medium\"><\/div><div class=\"wpforms-recaptcha-container wpforms-is-recaptcha wpforms-is-recaptcha-type-v3\" ><input type=\"hidden\" name=\"wpforms[recaptcha]\" value=\"\"><\/div><div class=\"wpforms-submit-container\" ><input type=\"hidden\" name=\"wpforms[id]\" value=\"2450\"><input type=\"hidden\" name=\"page_title\" value=\"\"><input type=\"hidden\" name=\"page_url\" value=\"https:\/\/ubikare.top\/en\/wp-json\/wp\/v2\/post_type_servicios\/1910\"><input type=\"hidden\" name=\"url_referer\" value=\"\"><button type=\"submit\" name=\"wpforms[submit]\" id=\"wpforms-submit-2450\" class=\"wpforms-submit\" data-alt-text=\"Enviando...\" data-submit-text=\"Enviar\" aria-live=\"assertive\" value=\"wpforms-submit\">Enviar<\/button><\/div><input type=\"hidden\" name=\"trp-form-language\" value=\"en\"\/><\/form><\/div>  <!-- .wpforms-container -->\n<\/div><\/div><\/div>\n\n<div class=\"gb-grid-column gb-grid-column-f754a5ae\"><div class=\"gb-container gb-container-f754a5ae\"><div class=\"gb-inside-container\">\n\n<h3 class=\"gb-headline gb-headline-aae30dd9\"><span class=\"gb-icon\"><svg aria-hidden=\"true\" role=\"img\" height=\"1em\" width=\"1em\" viewbox=\"0 0 512 512\" xmlns=\"http:\/\/www.w3.org\/2000\/svg\"><path fill=\"currentColor\" d=\"M493.4 24.6l-104-24c-11.3-2.6-22.9 3.3-27.5 13.9l-48 112c-4.2 9.8-1.4 21.3 6.9 28l60.6 49.6c-36 76.7-98.9 140.5-177.2 177.2l-49.6-60.6c-6.8-8.3-18.2-11.1-28-6.9l-112 48C3.9 366.5-2 378.1.6 389.4l24 104C27.1 504.2 36.7 512 48 512c256.1 0 464-207.5 464-464 0-11.2-7.7-20.9-18.6-23.4z\"><\/path><\/svg><\/span><span class=\"gb-headline-text\"><a href=\"tel:900909070\">900 90 90 70<\/a><\/span><\/h3>\n\n\n\n<div style=\"height:11px\" aria-hidden=\"true\" class=\"wp-block-spacer\"><\/div>\n\n\n\n<h4 class=\"gb-headline gb-headline-f3dac941 gb-headline-text\">\u00bfD\u00f3nde estamos?<\/h4>\n\n\n\n<p class=\"gb-headline gb-headline-42a63c0e gb-headline-text\"><strong>Bizkaia<\/strong><br>Gran v\u00eda, 43<br>Esquina con Iparraguirre<br>Bilbao<\/p>\n\n\n\n<p class=\"gb-headline gb-headline-de60496d gb-headline-text\"><strong>Madrid<\/strong><br>Fernando el santo, 3<\/p>\n\n\n\n<p class=\"gb-headline gb-headline-3d0cf870 gb-headline-text\"><strong>Araba<\/strong><br>Micaela Portilla, 2<br>Vitoria-Gasteiz<\/p>\n\n\n\n<p class=\"gb-headline gb-headline-fa0a2adf gb-headline-text\"><strong>Gipuzkoa<\/strong><br>Nagusia, 40<br>Beasain<\/p>\n\n<\/div><\/div><\/div>\n<\/div>\n<\/div><\/div>","protected":false},"featured_media":1891,"template":"","Planes":[86],"class_list":["post-1910","post_type_servicios","type-post_type_servicios","status-publish","has-post-thumbnail","hentry","Planes-basico"],"yoast_head":"<!-- This site is optimized with the Yoast SEO plugin v25.4 - https:\/\/yoast.com\/wordpress\/plugins\/seo\/ -->\n<title>Enfermera de familia personal - Ubikare<\/title>\n<meta name=\"robots\" content=\"index, follow, max-snippet:-1, max-image-preview:large, max-video-preview:-1\" \/>\n<link rel=\"canonical\" href=\"https:\/\/ubikare.top\/en\/servicios\/enfermera-familia-personal\/\" \/>\n<meta property=\"og:locale\" content=\"en_US\" \/>\n<meta property=\"og:type\" content=\"article\" \/>\n<meta property=\"og:title\" content=\"Enfermera de familia personal - Ubikare\" \/>\n<meta property=\"og:description\" content=\"Profesional a medida yConexi\u00f3n Directa La enfermera de familia personal se asigna despu\u00e9s de realizar el Diagn\u00f3stico M\u00e9dico, teniendo en cuenta el Plan de Cuidados definido y los gustos\/preferencias de la persona. A ... Read more\" \/>\n<meta property=\"og:url\" content=\"https:\/\/ubikare.top\/en\/servicios\/enfermera-familia-personal\/\" \/>\n<meta property=\"og:site_name\" content=\"Ubikare\" \/>\n<meta property=\"article:modified_time\" content=\"2023-02-09T20:02:12+00:00\" \/>\n<meta name=\"twitter:card\" content=\"summary_large_image\" \/>\n<meta name=\"twitter:label1\" content=\"Est. reading time\" \/>\n\t<meta name=\"twitter:data1\" content=\"2 minutes\" \/>\n<script type=\"application\/ld+json\" class=\"yoast-schema-graph\">{\"@context\":\"https:\/\/schema.org\",\"@graph\":[{\"@type\":\"WebPage\",\"@id\":\"https:\/\/ubikare.top\/servicios\/enfermera-familia-personal\/\",\"url\":\"https:\/\/ubikare.top\/servicios\/enfermera-familia-personal\/\",\"name\":\"Enfermera de familia personal - Ubikare\",\"isPartOf\":{\"@id\":\"http:\/\/ubikare.top\/en\/#website\"},\"primaryImageOfPage\":{\"@id\":\"https:\/\/ubikare.top\/servicios\/enfermera-familia-personal\/#primaryimage\"},\"image\":{\"@id\":\"https:\/\/ubikare.top\/servicios\/enfermera-familia-personal\/#primaryimage\"},\"thumbnailUrl\":\"https:\/\/ubikare.top\/wp-content\/uploads\/Path-16.svg\",\"datePublished\":\"2023-01-31T20:22:37+00:00\",\"dateModified\":\"2023-02-09T20:02:12+00:00\",\"breadcrumb\":{\"@id\":\"https:\/\/ubikare.top\/servicios\/enfermera-familia-personal\/#breadcrumb\"},\"inLanguage\":\"en-US\",\"potentialAction\":[{\"@type\":\"ReadAction\",\"target\":[\"https:\/\/ubikare.top\/servicios\/enfermera-familia-personal\/\"]}]},{\"@type\":\"ImageObject\",\"inLanguage\":\"en-US\",\"@id\":\"https:\/\/ubikare.top\/servicios\/enfermera-familia-personal\/#primaryimage\",\"url\":\"https:\/\/ubikare.top\/wp-content\/uploads\/Path-16.svg\",\"contentUrl\":\"https:\/\/ubikare.top\/wp-content\/uploads\/Path-16.svg\",\"width\":254,\"height\":133},{\"@type\":\"BreadcrumbList\",\"@id\":\"https:\/\/ubikare.top\/servicios\/enfermera-familia-personal\/#breadcrumb\",\"itemListElement\":[{\"@type\":\"ListItem\",\"position\":1,\"name\":\"Portada\",\"item\":\"https:\/\/ubikare.top\/\"},{\"@type\":\"ListItem\",\"position\":2,\"name\":\"Enfermera de familia personal\"}]},{\"@type\":\"WebSite\",\"@id\":\"http:\/\/ubikare.top\/en\/#website\",\"url\":\"http:\/\/ubikare.top\/en\/\",\"name\":\"Ubikare\",\"description\":\"El Software Sociosanitario para gestores, profesionales, cuidadores y familias\",\"publisher\":{\"@id\":\"http:\/\/ubikare.top\/en\/#organization\"},\"potentialAction\":[{\"@type\":\"SearchAction\",\"target\":{\"@type\":\"EntryPoint\",\"urlTemplate\":\"http:\/\/ubikare.top\/en\/?s={search_term_string}\"},\"query-input\":{\"@type\":\"PropertyValueSpecification\",\"valueRequired\":true,\"valueName\":\"search_term_string\"}}],\"inLanguage\":\"en-US\"},{\"@type\":\"Organization\",\"@id\":\"http:\/\/ubikare.top\/en\/#organization\",\"name\":\"Ubikare\",\"url\":\"http:\/\/ubikare.top\/en\/\",\"logo\":{\"@type\":\"ImageObject\",\"inLanguage\":\"en-US\",\"@id\":\"http:\/\/ubikare.top\/en\/#\/schema\/logo\/image\/\",\"url\":\"https:\/\/ubikare.top\/wp-content\/uploads\/cropped-LOGO-OSCURO-scaled-1.png\",\"contentUrl\":\"https:\/\/ubikare.top\/wp-content\/uploads\/cropped-LOGO-OSCURO-scaled-1.png\",\"width\":2560,\"height\":413,\"caption\":\"Ubikare\"},\"image\":{\"@id\":\"http:\/\/ubikare.top\/en\/#\/schema\/logo\/image\/\"}}]}<\/script>\n<!-- \/ Yoast SEO plugin. -->","yoast_head_json":{"title":"Enfermera de familia personal - Ubikare","robots":{"index":"index","follow":"follow","max-snippet":"max-snippet:-1","max-image-preview":"max-image-preview:large","max-video-preview":"max-video-preview:-1"},"canonical":"https:\/\/ubikare.top\/en\/servicios\/enfermera-familia-personal\/","og_locale":"en_US","og_type":"article","og_title":"Enfermera de familia personal - Ubikare","og_description":"Profesional a medida yConexi\u00f3n Directa La enfermera de familia personal se asigna despu\u00e9s de realizar el Diagn\u00f3stico M\u00e9dico, teniendo en cuenta el Plan de Cuidados definido y los gustos\/preferencias de la persona. A ... Read more","og_url":"https:\/\/ubikare.top\/en\/servicios\/enfermera-familia-personal\/","og_site_name":"Ubikare","article_modified_time":"2023-02-09T20:02:12+00:00","twitter_card":"summary_large_image","twitter_misc":{"Est. reading time":"2 minutes"},"schema":{"@context":"https:\/\/schema.org","@graph":[{"@type":"WebPage","@id":"https:\/\/ubikare.top\/servicios\/enfermera-familia-personal\/","url":"https:\/\/ubikare.top\/servicios\/enfermera-familia-personal\/","name":"Enfermera de familia personal - Ubikare","isPartOf":{"@id":"http:\/\/ubikare.top\/en\/#website"},"primaryImageOfPage":{"@id":"https:\/\/ubikare.top\/servicios\/enfermera-familia-personal\/#primaryimage"},"image":{"@id":"https:\/\/ubikare.top\/servicios\/enfermera-familia-personal\/#primaryimage"},"thumbnailUrl":"https:\/\/ubikare.top\/wp-content\/uploads\/Path-16.svg","datePublished":"2023-01-31T20:22:37+00:00","dateModified":"2023-02-09T20:02:12+00:00","breadcrumb":{"@id":"https:\/\/ubikare.top\/servicios\/enfermera-familia-personal\/#breadcrumb"},"inLanguage":"en-US","potentialAction":[{"@type":"ReadAction","target":["https:\/\/ubikare.top\/servicios\/enfermera-familia-personal\/"]}]},{"@type":"ImageObject","inLanguage":"en-US","@id":"https:\/\/ubikare.top\/servicios\/enfermera-familia-personal\/#primaryimage","url":"https:\/\/ubikare.top\/wp-content\/uploads\/Path-16.svg","contentUrl":"https:\/\/ubikare.top\/wp-content\/uploads\/Path-16.svg","width":254,"height":133},{"@type":"BreadcrumbList","@id":"https:\/\/ubikare.top\/servicios\/enfermera-familia-personal\/#breadcrumb","itemListElement":[{"@type":"ListItem","position":1,"name":"Portada","item":"https:\/\/ubikare.top\/"},{"@type":"ListItem","position":2,"name":"Enfermera de familia personal"}]},{"@type":"WebSite","@id":"http:\/\/ubikare.top\/en\/#website","url":"http:\/\/ubikare.top\/en\/","name":"Ubikare","description":"El Software Sociosanitario para gestores, profesionales, cuidadores y familias","publisher":{"@id":"http:\/\/ubikare.top\/en\/#organization"},"potentialAction":[{"@type":"SearchAction","target":{"@type":"EntryPoint","urlTemplate":"http:\/\/ubikare.top\/en\/?s={search_term_string}"},"query-input":{"@type":"PropertyValueSpecification","valueRequired":true,"valueName":"search_term_string"}}],"inLanguage":"en-US"},{"@type":"Organization","@id":"http:\/\/ubikare.top\/en\/#organization","name":"Ubikare","url":"http:\/\/ubikare.top\/en\/","logo":{"@type":"ImageObject","inLanguage":"en-US","@id":"http:\/\/ubikare.top\/en\/#\/schema\/logo\/image\/","url":"https:\/\/ubikare.top\/wp-content\/uploads\/cropped-LOGO-OSCURO-scaled-1.png","contentUrl":"https:\/\/ubikare.top\/wp-content\/uploads\/cropped-LOGO-OSCURO-scaled-1.png","width":2560,"height":413,"caption":"Ubikare"},"image":{"@id":"http:\/\/ubikare.top\/en\/#\/schema\/logo\/image\/"}}]}},"uagb_featured_image_src":{"full":["https:\/\/ubikare.top\/wp-content\/uploads\/Path-16.svg",254,133,false],"thumbnail":["https:\/\/ubikare.top\/wp-content\/uploads\/Path-16.svg",150,79,true],"medium":["https:\/\/ubikare.top\/wp-content\/uploads\/Path-16.svg",300,157,true],"medium_large":["https:\/\/ubikare.top\/wp-content\/uploads\/Path-16.svg",768,402,true],"large":["https:\/\/ubikare.top\/wp-content\/uploads\/Path-16.svg",1024,536,true],"1536x1536":["https:\/\/ubikare.top\/wp-content\/uploads\/Path-16.svg",254,133,true],"2048x2048":["https:\/\/ubikare.top\/wp-content\/uploads\/Path-16.svg",254,133,true],"trp-custom-language-flag":["https:\/\/ubikare.top\/wp-content\/uploads\/Path-16.svg",18,9,false]},"uagb_author_info":{"display_name":"Egoitz Arruti Monasterio","author_link":"https:\/\/ubikare.top\/en\/blog\/author\/"},"uagb_comment_info":0,"uagb_excerpt":"Profesional a medida yConexi\u00f3n Directa La enfermera de familia personal se asigna despu\u00e9s de realizar el Diagn\u00f3stico M\u00e9dico, teniendo en cuenta el Plan de Cuidados definido y los gustos\/preferencias de la persona. A ... Read more","_links":{"self":[{"href":"https:\/\/ubikare.top\/en\/wp-json\/wp\/v2\/post_type_servicios\/1910","targetHints":{"allow":["GET"]}}],"collection":[{"href":"https:\/\/ubikare.top\/en\/wp-json\/wp\/v2\/post_type_servicios"}],"about":[{"href":"https:\/\/ubikare.top\/en\/wp-json\/wp\/v2\/types\/post_type_servicios"}],"version-history":[{"count":0,"href":"https:\/\/ubikare.top\/en\/wp-json\/wp\/v2\/post_type_servicios\/1910\/revisions"}],"wp:featuredmedia":[{"embeddable":true,"href":"https:\/\/ubikare.top\/en\/wp-json\/wp\/v2\/media\/1891"}],"wp:attachment":[{"href":"https:\/\/ubikare.top\/en\/wp-json\/wp\/v2\/media?parent=1910"}],"wp:term":[{"taxonomy":"Planes","embeddable":true,"href":"https:\/\/ubikare.top\/en\/wp-json\/wp\/v2\/Planes?post=1910"}],"curies":[{"name":"wp","href":"https:\/\/api.w.org\/{rel}","templated":true}]}}